{"id":5537,"date":"2013-10-28T00:00:00","date_gmt":"2013-10-28T05:00:00","guid":{"rendered":"https:\/\/institutionalinvestorsecuritiesblog.blawgcloud.com\/2013\/10\/puerto_rican_labor_groups_want"},"modified":"2022-05-05T08:37:02","modified_gmt":"2022-05-05T13:37:02","slug":"puerto-rican-labor-groups-want","status":"publish","type":"post","link":"https:\/\/www.investorlawyers.com\/blog\/puerto-rican-labor-groups-want\/","title":{"rendered":"Puerto Rican Labor Groups Want the US Territory to Sue UBS over the Bond Debacle"},"content":{"rendered":"<p><a href=\"https:\/\/www.investorlawyers.com\/ubs-painewebber-background-information.html\">UBS Financial Services, Inc.<\/a> and its Puerto Rican divisions (UBS) continue to feel the heat in the Puerto Rico Bond crisis, as labor groups in the US territory call on its government to file a bond fraud claim against the bank. They are claiming that the financial firm \u201ctricked\u201d the Puerto Rican government into issuing products that they knew would fail.<\/p>\n<p>Also, lawmakers from the New Progressive Party want the government to investigate UBS\u2019 practices in Puerto Rico. Already Rep. Ricardo Llerandi Cruz is asking for a Capital Inquiry into the firm, while Rep. \u00c1ngel Mu\u00f1oz Su\u00e1rez announced he would file a bond fraud case with the Securities and Exchange Commission.<\/p>\n<p>Meantime, Carlos Ubi\u00f1as, the CEO of UBS Puerto Rico, maintains that the firm is not accountable for \u201cmarket events.\u201d Issuing a statement, Ubi\u00f1as said that the loss in the Puerto Rico bonds\u2019 value has more to do with the market and the lingering questions about the US Commonwealth\u2019s credit.<\/p>\n<div class=\"read_more_link\"><a href=\"https:\/\/www.investorlawyers.com\/blog\/puerto-rican-labor-groups-want\/\"  title=\"Continue Reading Puerto Rican Labor Groups Want the US Territory to Sue UBS over the Bond Debacle\" class=\"more-link\">Continue Reading \u203a<\/a><\/div>\n","protected":false},"excerpt":{"rendered":"<p>UBS Financial Services, Inc. and its Puerto Rican divisions (UBS) continue to feel the heat in the Puerto Rico Bond crisis, as labor groups in the US territory call on its government to file a bond fraud claim against the bank. They are claiming that the financial firm \u201ctricked\u201d the Puerto Rican government into issuing [&hellip;]<\/p>\n","protected":false},"author":2,"featured_media":0,"comment_status":"closed","ping_status":"closed","sticky":false,"template":"","format":"standard","meta":{"jetpack_post_was_ever_published":false,"footnotes":""},"categories":[3752,3922,4039,3755],"tags":[],"class_list":["post-5537","post","type-post","status-publish","format-standard","hentry","category-financial-firms","category-municipal-bonds","category-puerto-rico-bond-funds","category-ubs"],"yoast_head":"<!-- This site is optimized with the Yoast SEO plugin v27.4 - https:\/\/yoast.com\/product\/yoast-seo-wordpress\/ -->\n<title>Puerto Rican Labor Groups Want the US Territory to Sue UBS over the Bond Debacle &#8212; Investor Lawyers Blog &#8212; October 28, 2013<\/title>\n<meta name=\"description\" content=\"UBS Financial Services, Inc. and its Puerto Rican divisions (UBS) continue to feel the heat in the Puerto Rico Bond crisis, as labor groups in the US &#8212; October 28, 2013\" \/>\n<meta name=\"robots\" content=\"index, follow, max-snippet:-1, max-image-preview:large, max-video-preview:-1\" \/>\n<link rel=\"canonical\" href=\"https:\/\/www.investorlawyers.com\/blog\/puerto-rican-labor-groups-want\/\" \/>\n<meta name=\"twitter:card\" content=\"summary_large_image\" \/>\n<meta name=\"twitter:title\" content=\"Puerto Rican Labor Groups Want the US Territory to Sue UBS over the Bond Debacle &#8212; Investor Lawyers Blog &#8212; October 28, 2013\" \/>\n<meta name=\"twitter:description\" content=\"UBS Financial Services, Inc. and its Puerto Rican divisions (UBS) continue to feel the heat in the Puerto Rico Bond crisis, as labor groups in the US &#8212; October 28, 2013\" \/>\n<meta name=\"twitter:label1\" content=\"Written by\" \/>\n\t<meta name=\"twitter:data1\" content=\"Shepherd Smith Edwards &amp; Kantas, LLP\" \/>\n\t<meta name=\"twitter:label2\" content=\"Est. reading time\" \/>\n\t<meta name=\"twitter:data2\" content=\"2 minutes\" \/>\n<!-- \/ Yoast SEO plugin. -->","yoast_head_json":{"title":"Puerto Rican Labor Groups Want the US Territory to Sue UBS over the Bond Debacle &#8212; Investor Lawyers Blog &#8212; October 28, 2013","description":"UBS Financial Services, Inc. and its Puerto Rican divisions (UBS) continue to feel the heat in the Puerto Rico Bond crisis, as labor groups in the US &#8212; October 28, 2013","robots":{"index":"index","follow":"follow","max-snippet":"max-snippet:-1","max-image-preview":"max-image-preview:large","max-video-preview":"max-video-preview:-1"},"canonical":"https:\/\/www.investorlawyers.com\/blog\/puerto-rican-labor-groups-want\/","twitter_card":"summary_large_image","twitter_title":"Puerto Rican Labor Groups Want the US Territory to Sue UBS over the Bond Debacle &#8212; Investor Lawyers Blog &#8212; October 28, 2013","twitter_description":"UBS Financial Services, Inc. and its Puerto Rican divisions (UBS) continue to feel the heat in the Puerto Rico Bond crisis, as labor groups in the US &#8212; October 28, 2013","twitter_misc":{"Written by":"Shepherd Smith Edwards &amp; Kantas, LLP","Est. reading time":"2 minutes"},"schema":{"@context":"https:\/\/schema.org","@graph":[{"@type":"Article","@id":"https:\/\/www.investorlawyers.com\/blog\/puerto-rican-labor-groups-want\/#article","isPartOf":{"@id":"https:\/\/www.investorlawyers.com\/blog\/puerto-rican-labor-groups-want\/"},"author":{"name":"Shepherd Smith Edwards &amp; Kantas, LLP","@id":"https:\/\/www.investorlawyers.com\/blog\/#\/schema\/person\/e0240e0754684b69f7d6a7de1b9f1431"},"headline":"Puerto Rican Labor Groups Want the US Territory to Sue UBS over the Bond Debacle","datePublished":"2013-10-28T05:00:00+00:00","dateModified":"2022-05-05T13:37:02+00:00","mainEntityOfPage":{"@id":"https:\/\/www.investorlawyers.com\/blog\/puerto-rican-labor-groups-want\/"},"wordCount":300,"articleSection":["Financial Firms","Municipal Bonds","Puerto Rico Bond Funds","UBS"],"inLanguage":"en-US"},{"@type":"WebPage","@id":"https:\/\/www.investorlawyers.com\/blog\/puerto-rican-labor-groups-want\/","url":"https:\/\/www.investorlawyers.com\/blog\/puerto-rican-labor-groups-want\/","name":"Puerto Rican Labor Groups Want the US Territory to Sue UBS over the Bond Debacle &#8212; Investor Lawyers Blog &#8212; October 28, 2013","isPartOf":{"@id":"https:\/\/www.investorlawyers.com\/blog\/#website"},"datePublished":"2013-10-28T05:00:00+00:00","dateModified":"2022-05-05T13:37:02+00:00","author":{"@id":"https:\/\/www.investorlawyers.com\/blog\/#\/schema\/person\/e0240e0754684b69f7d6a7de1b9f1431"},"description":"UBS Financial Services, Inc. and its Puerto Rican divisions (UBS) continue to feel the heat in the Puerto Rico Bond crisis, as labor groups in the US &#8212; October 28, 2013","breadcrumb":{"@id":"https:\/\/www.investorlawyers.com\/blog\/puerto-rican-labor-groups-want\/#breadcrumb"},"inLanguage":"en-US","potentialAction":[{"@type":"ReadAction","target":["https:\/\/www.investorlawyers.com\/blog\/puerto-rican-labor-groups-want\/"]}]},{"@type":"BreadcrumbList","@id":"https:\/\/www.investorlawyers.com\/blog\/puerto-rican-labor-groups-want\/#breadcrumb","itemListElement":[{"@type":"ListItem","position":1,"name":"Home","item":"https:\/\/www.investorlawyers.com\/blog\/"},{"@type":"ListItem","position":2,"name":"Puerto Rican Labor Groups Want the US Territory to Sue UBS over the Bond Debacle"}]},{"@type":"WebSite","@id":"https:\/\/www.investorlawyers.com\/blog\/#website","url":"https:\/\/www.investorlawyers.com\/blog\/","name":"Investor Lawyers Blog","description":"Published By Investment Fraud Attorneys \u2014 Shepherd Smith Edwards &amp; Kantas, LLP","potentialAction":[{"@type":"SearchAction","target":{"@type":"EntryPoint","urlTemplate":"https:\/\/www.investorlawyers.com\/blog\/?s={search_term_string}"},"query-input":{"@type":"PropertyValueSpecification","valueRequired":true,"valueName":"search_term_string"}}],"inLanguage":"en-US"},{"@type":"Person","@id":"https:\/\/www.investorlawyers.com\/blog\/#\/schema\/person\/e0240e0754684b69f7d6a7de1b9f1431","name":"Shepherd Smith Edwards &amp; Kantas, LLP","image":{"@type":"ImageObject","inLanguage":"en-US","@id":"https:\/\/secure.gravatar.com\/avatar\/c7f8f04990816cd4044977eb59908da8c8d1ae487cc919cebd7027b74a0740a3?s=96&d=mm&r=g","url":"https:\/\/secure.gravatar.com\/avatar\/c7f8f04990816cd4044977eb59908da8c8d1ae487cc919cebd7027b74a0740a3?s=96&d=mm&r=g","contentUrl":"https:\/\/secure.gravatar.com\/avatar\/c7f8f04990816cd4044977eb59908da8c8d1ae487cc919cebd7027b74a0740a3?s=96&d=mm&r=g","caption":"Shepherd Smith Edwards &amp; Kantas, LLP"},"sameAs":["https:\/\/www.investorlawyers.com\/"]}]}},"jetpack_featured_media_url":"","jetpack_shortlink":"https:\/\/wp.me\/pedX9K-1rj","_links":{"self":[{"href":"https:\/\/www.investorlawyers.com\/blog\/wp-json\/wp\/v2\/posts\/5537","targetHints":{"allow":["GET"]}}],"collection":[{"href":"https:\/\/www.investorlawyers.com\/blog\/wp-json\/wp\/v2\/posts"}],"about":[{"href":"https:\/\/www.investorlawyers.com\/blog\/wp-json\/wp\/v2\/types\/post"}],"author":[{"embeddable":true,"href":"https:\/\/www.investorlawyers.com\/blog\/wp-json\/wp\/v2\/users\/2"}],"replies":[{"embeddable":true,"href":"https:\/\/www.investorlawyers.com\/blog\/wp-json\/wp\/v2\/comments?post=5537"}],"version-history":[{"count":6,"href":"https:\/\/www.investorlawyers.com\/blog\/wp-json\/wp\/v2\/posts\/5537\/revisions"}],"predecessor-version":[{"id":27314,"href":"https:\/\/www.investorlawyers.com\/blog\/wp-json\/wp\/v2\/posts\/5537\/revisions\/27314"}],"wp:attachment":[{"href":"https:\/\/www.investorlawyers.com\/blog\/wp-json\/wp\/v2\/media?parent=5537"}],"wp:term":[{"taxonomy":"category","embeddable":true,"href":"https:\/\/www.investorlawyers.com\/blog\/wp-json\/wp\/v2\/categories?post=5537"},{"taxonomy":"post_tag","embeddable":true,"href":"https:\/\/www.investorlawyers.com\/blog\/wp-json\/wp\/v2\/tags?post=5537"}],"curies":[{"name":"wp","href":"https:\/\/api.w.org\/{rel}","templated":true}]}}